{"id":1638,"date":"2016-07-22T11:39:01","date_gmt":"2016-07-22T09:39:01","guid":{"rendered":"http:\/\/duerp.com\/?p=1638"},"modified":"2016-07-22T11:39:01","modified_gmt":"2016-07-22T09:39:01","slug":"controle-complementaire-des-emissions-de-polluants-atmospheriques-lors-du-controle-technique","status":"publish","type":"post","link":"https:\/\/www.duerp.com\/en\/2016\/07\/22\/controle-complementaire-des-emissions-de-polluants-atmospheriques-lors-du-controle-technique\/","title":{"rendered":"(Fran\u00e7ais) Contr\u00f4le Compl\u00e9mentaire des \u00e9missions de polluants atmosph\u00e9riques lors du contr\u00f4le technique"},"content":{"rendered":"<p class=\"qtranxs-available-languages-message qtranxs-available-languages-message-en\">Sorry, this entry is only available in <a href=\"https:\/\/www.duerp.com\/fr\/wp-json\/wp\/v2\/posts\/1638\" class=\"qtranxs-available-language-link qtranxs-available-language-link-fr\" title=\"Fran\u00e7ais\">French<\/a>. For the sake of viewer convenience, the content is shown below in the alternative language. You may click the link to switch the active language.<\/p><p><strong>Paru le 22\/07\/2016 au JORF<\/strong><\/p>\n<p><strong>Arr\u00eat\u00e9 du 8 juillet 2016 modifiant l&#8217;arr\u00eat\u00e9 du 22 juin 2016 relatif aux modalit\u00e9s des mesures r\u00e9alis\u00e9es en application du d\u00e9cret n\u00b0 2016-812 du 17 juin 2016 portant application de l&#8217;article 65 de la loi n\u00b0 2015-992 du 17 ao\u00fbt 2015 relative \u00e0 la transition \u00e9nerg\u00e9tique pour la croissance verte<\/strong><\/p>\n<p><img loading=\"lazy\" class=\"wp-image-1640 aligncenter\" src=\"http:\/\/duerp.com\/wp-content\/uploads\/Contr\u00f4le-Compl\u00e9mentaire-des-\u00e9missions-de-polluants-atmosph\u00e9riques-lors-du-contr\u00f4le-technique-300x144.jpg\" alt=\"Contr\u00f4le Compl\u00e9mentaire des \u00e9missions de polluants atmosph\u00e9riques lors du contr\u00f4le technique\" width=\"521\" height=\"250\" srcset=\"https:\/\/www.duerp.com\/wp-content\/uploads\/Contr\u00f4le-Compl\u00e9mentaire-des-\u00e9missions-de-polluants-atmosph\u00e9riques-lors-du-contr\u00f4le-technique-300x144.jpg 300w, https:\/\/www.duerp.com\/wp-content\/uploads\/Contr\u00f4le-Compl\u00e9mentaire-des-\u00e9missions-de-polluants-atmosph\u00e9riques-lors-du-contr\u00f4le-technique-600x287.jpg 600w, https:\/\/www.duerp.com\/wp-content\/uploads\/Contr\u00f4le-Compl\u00e9mentaire-des-\u00e9missions-de-polluants-atmosph\u00e9riques-lors-du-contr\u00f4le-technique.jpg 616w\" sizes=\"(max-width: 521px) 100vw, 521px\" \/><\/p>\n<p><!--more--><\/p>\n<p>&nbsp;<\/p>\n<p>Ce texte modifie l\u2019arr\u00eat\u00e9 du 22 juin 2016 relatif aux modalit\u00e9s des mesures r\u00e9alis\u00e9es en application du d\u00e9cret no 2016-812 du 17 juin 2016 portant application de l\u2019article 65 de la loi no 2015-992 du 17 ao\u00fbt 2015 relative \u00e0 la transition \u00e9nerg\u00e9tique pour la croissance verte. Il modifie certaines prescriptions relatives aux mat\u00e9riels et protocoles d\u2019essai utilis\u00e9s.<\/p>\n<p>&nbsp;<\/p>\n<p><strong><a href=\"https:\/\/www.legifrance.gouv.fr\/jo_pdf.do?id=JORFTEXT000032922191\"><strong>Arr\u00eat\u00e9 du 8 juillet 2016 modifiant l&#8217;arr\u00eat\u00e9 du 22 juin 2016 relatif aux modalit\u00e9s des mesures r\u00e9alis\u00e9es en application du d\u00e9cret n\u00b0 2016-812 du 17 juin 2016 portant application de l&#8217;article 65 de la loi n\u00b0 2015-992 du 17 ao\u00fbt 2015 relative \u00e0 la transition \u00e9nerg\u00e9tique pour la croissance verte<\/strong><\/a><\/strong><\/p>\n<p><img loading=\"lazy\" class=\"alignnone size-medium wp-image-753\" src=\"http:\/\/duerp.com\/wp-content\/uploads\/legifrance-300x53.jpg\" alt=\"Legifrance\" width=\"300\" height=\"53\" srcset=\"https:\/\/www.duerp.com\/wp-content\/uploads\/legifrance-300x53.jpg 300w, https:\/\/www.duerp.com\/wp-content\/uploads\/legifrance.jpg 592w\" sizes=\"(max-width: 300px) 100vw, 300px\" \/><\/p>","protected":false},"excerpt":{"rendered":"<p>Sorry, this entry is only available in French. For the sake of viewer convenience, the content is shown below in the alternative language. You may click the link to switch the active language.Paru le 22\/07\/2016 au JORF Arr\u00eat\u00e9 du 8 juillet 2016 modifiant l&#8217;arr\u00eat\u00e9 du 22 juin 2016 relatif aux modalit\u00e9s des mesures r\u00e9alis\u00e9es en&hellip;<\/p>\n","protected":false},"author":1,"featured_media":0,"comment_status":"open","ping_status":"open","sticky":false,"template":"","format":"standard","meta":[],"categories":[13],"tags":[],"_links":{"self":[{"href":"https:\/\/www.duerp.com\/en\/wp-json\/wp\/v2\/posts\/1638"}],"collection":[{"href":"https:\/\/www.duerp.com\/en\/wp-json\/wp\/v2\/posts"}],"about":[{"href":"https:\/\/www.duerp.com\/en\/wp-json\/wp\/v2\/types\/post"}],"author":[{"embeddable":true,"href":"https:\/\/www.duerp.com\/en\/wp-json\/wp\/v2\/users\/1"}],"replies":[{"embeddable":true,"href":"https:\/\/www.duerp.com\/en\/wp-json\/wp\/v2\/comments?post=1638"}],"version-history":[{"count":1,"href":"https:\/\/www.duerp.com\/en\/wp-json\/wp\/v2\/posts\/1638\/revisions"}],"predecessor-version":[{"id":1641,"href":"https:\/\/www.duerp.com\/en\/wp-json\/wp\/v2\/posts\/1638\/revisions\/1641"}],"wp:attachment":[{"href":"https:\/\/www.duerp.com\/en\/wp-json\/wp\/v2\/media?parent=1638"}],"wp:term":[{"taxonomy":"category","embeddable":true,"href":"https:\/\/www.duerp.com\/en\/wp-json\/wp\/v2\/categories?post=1638"},{"taxonomy":"post_tag","embeddable":true,"href":"https:\/\/www.duerp.com\/en\/wp-json\/wp\/v2\/tags?post=1638"}],"curies":[{"name":"wp","href":"https:\/\/api.w.org\/{rel}","templated":true}]}}