{"id":1643,"date":"2016-08-22T10:00:06","date_gmt":"2016-08-22T08:00:06","guid":{"rendered":"http:\/\/duerp.com\/?p=1643"},"modified":"2016-08-22T10:00:28","modified_gmt":"2016-08-22T08:00:28","slug":"definition-des-competences-et-des-conditions-de-certification-des-operateurs-de-diagnostic-technique-amiante-dans-les-batiments","status":"publish","type":"post","link":"https:\/\/www.duerp.com\/en\/2016\/08\/22\/definition-des-competences-et-des-conditions-de-certification-des-operateurs-de-diagnostic-technique-amiante-dans-les-batiments\/","title":{"rendered":"(Fran\u00e7ais) D\u00e9finition des comp\u00e9tences et des conditions de certification des op\u00e9rateurs de diagnostic technique amiante dans les b\u00e2timents"},"content":{"rendered":"<p class=\"qtranxs-available-languages-message qtranxs-available-languages-message-en\">Sorry, this entry is only available in <a href=\"https:\/\/www.duerp.com\/fr\/wp-json\/wp\/v2\/posts\/1643\" class=\"qtranxs-available-language-link qtranxs-available-language-link-fr\" title=\"Fran\u00e7ais\">French<\/a>. For the sake of viewer convenience, the content is shown below in the alternative language. You may click the link to switch the active language.<\/p><p><strong>Paru le 0208\/2016 au JORF<\/strong><\/p>\n<p>Arr\u00eat\u00e9 du 25 juillet 2016 d\u00e9finissant les crit\u00e8res de certification des comp\u00e9tences des personnes\u00a0physiques op\u00e9rateurs de rep\u00e9rages, d&#8217;\u00e9valuation p\u00e9riodique de l&#8217;\u00e9tat de conservation des\u00a0mat\u00e9riaux et produits contenant de l&#8217;amiante, et d&#8217;examen visuel apr\u00e8s travaux dans les\u00a0immeubles b\u00e2tis et les crit\u00e8res d&#8217;accr\u00e9ditation des organismes de certification.<\/p>\n<p><img loading=\"lazy\" class=\" wp-image-1645 aligncenter\" src=\"http:\/\/duerp.com\/wp-content\/uploads\/D\u00e9finition-des-comp\u00e9tences-et-des-conditions-de-certification-des-op\u00e9rateurs-de-diagnostic-technique-amiante-dans-les-b\u00e2timents-300x200.jpg\" alt=\"D\u00e9finition des comp\u00e9tences et des conditions de certification des op\u00e9rateurs de diagnostic technique amiante dans les b\u00e2timents\" width=\"375\" height=\"250\" srcset=\"https:\/\/www.duerp.com\/wp-content\/uploads\/D\u00e9finition-des-comp\u00e9tences-et-des-conditions-de-certification-des-op\u00e9rateurs-de-diagnostic-technique-amiante-dans-les-b\u00e2timents-300x200.jpg 300w, https:\/\/www.duerp.com\/wp-content\/uploads\/D\u00e9finition-des-comp\u00e9tences-et-des-conditions-de-certification-des-op\u00e9rateurs-de-diagnostic-technique-amiante-dans-les-b\u00e2timents-600x399.jpg 600w, https:\/\/www.duerp.com\/wp-content\/uploads\/D\u00e9finition-des-comp\u00e9tences-et-des-conditions-de-certification-des-op\u00e9rateurs-de-diagnostic-technique-amiante-dans-les-b\u00e2timents-1024x682.jpg 1024w, https:\/\/www.duerp.com\/wp-content\/uploads\/D\u00e9finition-des-comp\u00e9tences-et-des-conditions-de-certification-des-op\u00e9rateurs-de-diagnostic-technique-amiante-dans-les-b\u00e2timents.jpg 1400w\" sizes=\"(max-width: 375px) 100vw, 375px\" \/><\/p>\n<p><!--more--><\/p>\n<p>Le pr\u00e9sent arr\u00eat\u00e9 a pour objet de renforcer les crit\u00e8res de comp\u00e9tence des personnes habilit\u00e9es \u00e0 effectuer les missions de diagnostic d\u2019\u00e9valuation p\u00e9riodique de l\u2019\u00e9tat de conservation des mat\u00e9riaux et produits contenant de l\u2019amiante, et d\u2019examen visuel apr\u00e8s travaux dans les immeubles b\u00e2tis. Il introduit notamment une certification avec mention rendue n\u00e9cessaire pour la r\u00e9alisation des missions les plus complexes. Cet arr\u00eat\u00e9 abroge l\u2019arr\u00eat\u00e9 du 21 novembre 2006 d\u00e9finissant les crit\u00e8res de certification des comp\u00e9tences des personnes physiques op\u00e9rateurs de rep\u00e9rages et de diagnostic amiante dans les immeubles b\u00e2tis et les crit\u00e8res d\u2019accr\u00e9ditation des organismes de certification.<\/p>\n<p><a href=\"https:\/\/www.legifrance.gouv.fr\/affichTexte.do?cidTexte=JORFTEXT000032958568&amp;dateTexte=&amp;categorieLien=id\">Arr\u00eat\u00e9 du 25 juillet 2016 d\u00e9finissant les crit\u00e8res de certification des comp\u00e9tences des personnes physiques op\u00e9rateurs de rep\u00e9rages, d&#8217;\u00e9valuation p\u00e9riodique de l&#8217;\u00e9tat de conservation des mat\u00e9riaux et produits contenant de l&#8217;amiante, et d&#8217;examen visuel apr\u00e8s travaux dans les immeubles b\u00e2tis et les crit\u00e8res d&#8217;accr\u00e9ditation des organismes de certification<\/a><\/p>\n<p><img loading=\"lazy\" class=\"alignnone size-medium wp-image-753\" src=\"http:\/\/duerp.com\/wp-content\/uploads\/legifrance-300x53.jpg\" alt=\"Legifrance\" width=\"300\" height=\"53\" srcset=\"https:\/\/www.duerp.com\/wp-content\/uploads\/legifrance-300x53.jpg 300w, https:\/\/www.duerp.com\/wp-content\/uploads\/legifrance.jpg 592w\" sizes=\"(max-width: 300px) 100vw, 300px\" \/><\/p>","protected":false},"excerpt":{"rendered":"<p>Sorry, this entry is only available in French. For the sake of viewer convenience, the content is shown below in the alternative language. You may click the link to switch the active language.Paru le 0208\/2016 au JORF Arr\u00eat\u00e9 du 25 juillet 2016 d\u00e9finissant les crit\u00e8res de certification des comp\u00e9tences des personnes\u00a0physiques op\u00e9rateurs de rep\u00e9rages, d&#8217;\u00e9valuation&hellip;<\/p>\n","protected":false},"author":1,"featured_media":0,"comment_status":"open","ping_status":"open","sticky":false,"template":"","format":"standard","meta":[],"categories":[13],"tags":[],"_links":{"self":[{"href":"https:\/\/www.duerp.com\/en\/wp-json\/wp\/v2\/posts\/1643"}],"collection":[{"href":"https:\/\/www.duerp.com\/en\/wp-json\/wp\/v2\/posts"}],"about":[{"href":"https:\/\/www.duerp.com\/en\/wp-json\/wp\/v2\/types\/post"}],"author":[{"embeddable":true,"href":"https:\/\/www.duerp.com\/en\/wp-json\/wp\/v2\/users\/1"}],"replies":[{"embeddable":true,"href":"https:\/\/www.duerp.com\/en\/wp-json\/wp\/v2\/comments?post=1643"}],"version-history":[{"count":4,"href":"https:\/\/www.duerp.com\/en\/wp-json\/wp\/v2\/posts\/1643\/revisions"}],"predecessor-version":[{"id":1665,"href":"https:\/\/www.duerp.com\/en\/wp-json\/wp\/v2\/posts\/1643\/revisions\/1665"}],"wp:attachment":[{"href":"https:\/\/www.duerp.com\/en\/wp-json\/wp\/v2\/media?parent=1643"}],"wp:term":[{"taxonomy":"category","embeddable":true,"href":"https:\/\/www.duerp.com\/en\/wp-json\/wp\/v2\/categories?post=1643"},{"taxonomy":"post_tag","embeddable":true,"href":"https:\/\/www.duerp.com\/en\/wp-json\/wp\/v2\/tags?post=1643"}],"curies":[{"name":"wp","href":"https:\/\/api.w.org\/{rel}","templated":true}]}}