{"id":1651,"date":"2016-08-23T10:00:11","date_gmt":"2016-08-23T08:00:11","guid":{"rendered":"http:\/\/duerp.com\/?p=1651"},"modified":"2016-08-24T11:17:08","modified_gmt":"2016-08-24T09:17:08","slug":"travaux-dits-reglementes-pour-les-jeunes-travailleurs-des-collectivites-territoriales-et-etablissements-publics","status":"publish","type":"post","link":"https:\/\/www.duerp.com\/en\/2016\/08\/23\/travaux-dits-reglementes-pour-les-jeunes-travailleurs-des-collectivites-territoriales-et-etablissements-publics\/","title":{"rendered":"(Fran\u00e7ais) Travaux dits \u00ab r\u00e9glement\u00e9s \u00bb pour les jeunes travailleurs des collectivit\u00e9s territoriales et \u00e9tablissements publics"},"content":{"rendered":"<p class=\"qtranxs-available-languages-message qtranxs-available-languages-message-en\">Sorry, this entry is only available in <a href=\"https:\/\/www.duerp.com\/fr\/wp-json\/wp\/v2\/posts\/1651\" class=\"qtranxs-available-language-link qtranxs-available-language-link-fr\" title=\"Fran\u00e7ais\">French<\/a>. For the sake of viewer convenience, the content is shown below in the alternative language. You may click the link to switch the active language.<\/p><p><strong>Paru le 05\/08\/2016 au JORF<\/strong><\/p>\n<p><strong>D\u00e9cret no 2016-1070 du 3 ao\u00fbt 2016 relatif \u00e0 la proc\u00e9dure de d\u00e9rogation permettant aux jeunes \u00e2g\u00e9s d\u2019au moins quinze ans et de moins de dix-huit ans en situation de formation professionnelle dans la fonction publique territoriale d\u2019effectuer des travaux dits \u00ab r\u00e9glement\u00e9s \u00bb<\/strong><\/p>\n<p><img loading=\"lazy\" class=\"wp-image-1653 aligncenter\" src=\"http:\/\/duerp.com\/wp-content\/uploads\/Travaux-dits-\u00ab-r\u00e9glement\u00e9s-\u00bb-pour-les-jeunes-travailleurs-des-collectivit\u00e9s-territoriales-et-\u00e9tablissements-publics-300x98.jpg\" alt=\"Travaux dits \u00ab r\u00e9glement\u00e9s \u00bb pour les jeunes travailleurs des collectivit\u00e9s territoriales et \u00e9tablissements publics\" width=\"551\" height=\"180\" srcset=\"https:\/\/www.duerp.com\/wp-content\/uploads\/Travaux-dits-\u00ab-r\u00e9glement\u00e9s-\u00bb-pour-les-jeunes-travailleurs-des-collectivit\u00e9s-territoriales-et-\u00e9tablissements-publics-300x98.jpg 300w, https:\/\/www.duerp.com\/wp-content\/uploads\/Travaux-dits-\u00ab-r\u00e9glement\u00e9s-\u00bb-pour-les-jeunes-travailleurs-des-collectivit\u00e9s-territoriales-et-\u00e9tablissements-publics.jpg 582w\" sizes=\"(max-width: 551px) 100vw, 551px\" \/><\/p>\n<p><!--more--><\/p>\n<p>&nbsp;<\/p>\n<p>Le pr\u00e9sent d\u00e9cret introduit une proc\u00e9dure de d\u00e9rogation propre \u00e0 la fonction publique territoriale qui vise \u00e0 permettre aux jeunes \u00e2g\u00e9s d\u2019au moins quinze ans et de moins de dix-huit ans, en situation de formation professionnelle dans la fonction publique territoriale, de r\u00e9aliser des travaux dits \u00ab r\u00e9glement\u00e9s \u00bb interdits par l\u2019article L. 4153-8 du code du travail mais susceptibles de faire l\u2019objet de d\u00e9rogations sous certaines conditions d\u00e9termin\u00e9es par voie r\u00e9glementaire, ainsi que le pr\u00e9voit l\u2019article L. 4153-9 du code du travail.<\/p>\n<p><a href=\"https:\/\/www.legifrance.gouv.fr\/affichTexte.do?cidTexte=JORFTEXT000032967795&amp;dateTexte=&amp;categorieLien=id\">D\u00e9cret no 2016-1070 du 3 ao\u00fbt 2016 relatif \u00e0 la proc\u00e9dure de d\u00e9rogation permettant aux jeunes \u00e2g\u00e9s d\u2019au moins quinze ans et de moins de dix-huit ans en situation de formation professionnelle dans la fonction publique territoriale d\u2019effectuer des travaux dits \u00ab r\u00e9glement\u00e9s \u00bb<\/a><\/p>\n<p><img loading=\"lazy\" class=\"alignnone size-medium wp-image-753\" src=\"http:\/\/duerp.com\/wp-content\/uploads\/legifrance-300x53.jpg\" alt=\"Legifrance\" width=\"300\" height=\"53\" srcset=\"https:\/\/www.duerp.com\/wp-content\/uploads\/legifrance-300x53.jpg 300w, https:\/\/www.duerp.com\/wp-content\/uploads\/legifrance.jpg 592w\" sizes=\"(max-width: 300px) 100vw, 300px\" \/><\/p>","protected":false},"excerpt":{"rendered":"<p>Sorry, this entry is only available in French. For the sake of viewer convenience, the content is shown below in the alternative language. You may click the link to switch the active language.Paru le 05\/08\/2016 au JORF D\u00e9cret no 2016-1070 du 3 ao\u00fbt 2016 relatif \u00e0 la proc\u00e9dure de d\u00e9rogation permettant aux jeunes \u00e2g\u00e9s d\u2019au&hellip;<\/p>\n","protected":false},"author":1,"featured_media":0,"comment_status":"open","ping_status":"open","sticky":false,"template":"","format":"standard","meta":[],"categories":[13],"tags":[],"_links":{"self":[{"href":"https:\/\/www.duerp.com\/en\/wp-json\/wp\/v2\/posts\/1651"}],"collection":[{"href":"https:\/\/www.duerp.com\/en\/wp-json\/wp\/v2\/posts"}],"about":[{"href":"https:\/\/www.duerp.com\/en\/wp-json\/wp\/v2\/types\/post"}],"author":[{"embeddable":true,"href":"https:\/\/www.duerp.com\/en\/wp-json\/wp\/v2\/users\/1"}],"replies":[{"embeddable":true,"href":"https:\/\/www.duerp.com\/en\/wp-json\/wp\/v2\/comments?post=1651"}],"version-history":[{"count":2,"href":"https:\/\/www.duerp.com\/en\/wp-json\/wp\/v2\/posts\/1651\/revisions"}],"predecessor-version":[{"id":1679,"href":"https:\/\/www.duerp.com\/en\/wp-json\/wp\/v2\/posts\/1651\/revisions\/1679"}],"wp:attachment":[{"href":"https:\/\/www.duerp.com\/en\/wp-json\/wp\/v2\/media?parent=1651"}],"wp:term":[{"taxonomy":"category","embeddable":true,"href":"https:\/\/www.duerp.com\/en\/wp-json\/wp\/v2\/categories?post=1651"},{"taxonomy":"post_tag","embeddable":true,"href":"https:\/\/www.duerp.com\/en\/wp-json\/wp\/v2\/tags?post=1651"}],"curies":[{"name":"wp","href":"https:\/\/api.w.org\/{rel}","templated":true}]}}