{"id":1655,"date":"2016-08-23T14:00:59","date_gmt":"2016-08-23T12:00:59","guid":{"rendered":"http:\/\/duerp.com\/?p=1655"},"modified":"2016-08-24T13:27:25","modified_gmt":"2016-08-24T11:27:25","slug":"protection-de-la-sante-et-de-la-securite-des-travailleurs-contre-les-risques-dus-aux-champs-electromagnetiques","status":"publish","type":"post","link":"https:\/\/www.duerp.com\/en\/2016\/08\/23\/protection-de-la-sante-et-de-la-securite-des-travailleurs-contre-les-risques-dus-aux-champs-electromagnetiques\/","title":{"rendered":"(Fran\u00e7ais) Protection de la sant\u00e9 et de la s\u00e9curit\u00e9 des travailleurs contre les risques dus aux champs \u00e9lectromagn\u00e9tiques"},"content":{"rendered":"<p class=\"qtranxs-available-languages-message qtranxs-available-languages-message-en\">Sorry, this entry is only available in <a href=\"https:\/\/www.duerp.com\/fr\/wp-json\/wp\/v2\/posts\/1655\" class=\"qtranxs-available-language-link qtranxs-available-language-link-fr\" title=\"Fran\u00e7ais\">French<\/a>. For the sake of viewer convenience, the content is shown below in the alternative language. You may click the link to switch the active language.<\/p><p><strong>Paru le 06\/08\/2016 au JORF<\/strong><\/p>\n<p><strong>D\u00e9cret no 2016-1074 du 3 ao\u00fbt 2016 relatif \u00e0 la protection des travailleurs contre les risques dus aux champs \u00e9lectromagn\u00e9tiques<\/strong><\/p>\n<p><img loading=\"lazy\" class=\"wp-image-1657 aligncenter\" src=\"http:\/\/duerp.com\/wp-content\/uploads\/Protection-de-la-sant\u00e9-et-de-la-s\u00e9curit\u00e9-des-travailleurs-contre-les-risques-dus-aux-champs-\u00e9lectromagn\u00e9tiques-300x110.jpg\" alt=\"Protection de la sant\u00e9 et de la s\u00e9curit\u00e9 des travailleurs contre les risques dus aux champs \u00e9lectromagn\u00e9tiques\" width=\"545\" height=\"200\" srcset=\"https:\/\/www.duerp.com\/wp-content\/uploads\/Protection-de-la-sant\u00e9-et-de-la-s\u00e9curit\u00e9-des-travailleurs-contre-les-risques-dus-aux-champs-\u00e9lectromagn\u00e9tiques-300x110.jpg 300w, https:\/\/www.duerp.com\/wp-content\/uploads\/Protection-de-la-sant\u00e9-et-de-la-s\u00e9curit\u00e9-des-travailleurs-contre-les-risques-dus-aux-champs-\u00e9lectromagn\u00e9tiques-600x220.jpg 600w, https:\/\/www.duerp.com\/wp-content\/uploads\/Protection-de-la-sant\u00e9-et-de-la-s\u00e9curit\u00e9-des-travailleurs-contre-les-risques-dus-aux-champs-\u00e9lectromagn\u00e9tiques.jpg 616w\" sizes=\"(max-width: 545px) 100vw, 545px\" \/><\/p>\n<p><!--more--><\/p>\n<p>&nbsp;<\/p>\n<p>Le d\u00e9cret d\u00e9finit les r\u00e8gles de pr\u00e9vention contre les risques pour la sant\u00e9 et la s\u00e9curit\u00e9 des travailleurs expos\u00e9s aux champs \u00e9lectromagn\u00e9tiques, notamment contre leurs effets biophysiques directs et leurs effets indirects connus. Il vise ainsi \u00e0 am\u00e9liorer la protection de la sant\u00e9 et de la s\u00e9curit\u00e9 des travailleurs, qui reposait jusqu&#8217;alors sur les seuls principes g\u00e9n\u00e9raux de pr\u00e9vention, et int\u00e8gre une approche gradu\u00e9e des moyens de pr\u00e9vention et du dialogue interne \u00e0 mettre en \u0153uvre en cas de d\u00e9passement des \u00ab valeurs d&#8217;action \u00bb et des \u00ab valeurs limites \u00bb.<\/p>\n<p><a href=\"https:\/\/www.legifrance.gouv.fr\/affichTexte.do?cidTexte=JORFTEXT000032974358&amp;dateTexte=&amp;categorieLien=id\">D\u00e9cret no 2016-1074 du 3 ao\u00fbt 2016 relatif \u00e0 la protection des travailleurs contre les risques dus aux champs \u00e9lectromagn\u00e9tiques<\/a><\/p>\n<p><img loading=\"lazy\" class=\"alignnone size-medium wp-image-753\" src=\"http:\/\/duerp.com\/wp-content\/uploads\/legifrance-300x53.jpg\" alt=\"Legifrance\" width=\"300\" height=\"53\" srcset=\"https:\/\/www.duerp.com\/wp-content\/uploads\/legifrance-300x53.jpg 300w, https:\/\/www.duerp.com\/wp-content\/uploads\/legifrance.jpg 592w\" sizes=\"(max-width: 300px) 100vw, 300px\" \/><\/p>","protected":false},"excerpt":{"rendered":"<p>Sorry, this entry is only available in French. For the sake of viewer convenience, the content is shown below in the alternative language. You may click the link to switch the active language.Paru le 06\/08\/2016 au JORF D\u00e9cret no 2016-1074 du 3 ao\u00fbt 2016 relatif \u00e0 la protection des travailleurs contre les risques dus aux&hellip;<\/p>\n","protected":false},"author":1,"featured_media":0,"comment_status":"open","ping_status":"open","sticky":false,"template":"","format":"standard","meta":[],"categories":[13],"tags":[],"_links":{"self":[{"href":"https:\/\/www.duerp.com\/en\/wp-json\/wp\/v2\/posts\/1655"}],"collection":[{"href":"https:\/\/www.duerp.com\/en\/wp-json\/wp\/v2\/posts"}],"about":[{"href":"https:\/\/www.duerp.com\/en\/wp-json\/wp\/v2\/types\/post"}],"author":[{"embeddable":true,"href":"https:\/\/www.duerp.com\/en\/wp-json\/wp\/v2\/users\/1"}],"replies":[{"embeddable":true,"href":"https:\/\/www.duerp.com\/en\/wp-json\/wp\/v2\/comments?post=1655"}],"version-history":[{"count":2,"href":"https:\/\/www.duerp.com\/en\/wp-json\/wp\/v2\/posts\/1655\/revisions"}],"predecessor-version":[{"id":1680,"href":"https:\/\/www.duerp.com\/en\/wp-json\/wp\/v2\/posts\/1655\/revisions\/1680"}],"wp:attachment":[{"href":"https:\/\/www.duerp.com\/en\/wp-json\/wp\/v2\/media?parent=1655"}],"wp:term":[{"taxonomy":"category","embeddable":true,"href":"https:\/\/www.duerp.com\/en\/wp-json\/wp\/v2\/categories?post=1655"},{"taxonomy":"post_tag","embeddable":true,"href":"https:\/\/www.duerp.com\/en\/wp-json\/wp\/v2\/tags?post=1655"}],"curies":[{"name":"wp","href":"https:\/\/api.w.org\/{rel}","templated":true}]}}