{"id":1668,"date":"2016-08-24T10:00:04","date_gmt":"2016-08-24T08:00:04","guid":{"rendered":"http:\/\/duerp.com\/?p=1668"},"modified":"2016-08-26T13:46:15","modified_gmt":"2016-08-26T11:46:15","slug":"creation-dun-traitement-de-donnees-a-caractere-personnel-denomme-compte-personnel-de-prevention-de-la-penibilite","status":"publish","type":"post","link":"https:\/\/www.duerp.com\/en\/2016\/08\/24\/creation-dun-traitement-de-donnees-a-caractere-personnel-denomme-compte-personnel-de-prevention-de-la-penibilite\/","title":{"rendered":"(Fran\u00e7ais) Cr\u00e9ation d\u2019un traitement de donn\u00e9es \u00e0 caract\u00e8re personnel d\u00e9nomm\u00e9 \u00ab compte personnel de pr\u00e9vention de la p\u00e9nibilit\u00e9 \u00bb"},"content":{"rendered":"<p class=\"qtranxs-available-languages-message qtranxs-available-languages-message-en\">Sorry, this entry is only available in <a href=\"https:\/\/www.duerp.com\/fr\/wp-json\/wp\/v2\/posts\/1668\" class=\"qtranxs-available-language-link qtranxs-available-language-link-fr\" title=\"Fran\u00e7ais\">French<\/a>. For the sake of viewer convenience, the content is shown below in the alternative language. You may click the link to switch the active language.<\/p><p><strong>Paru le 13\/08\/2016 au JORF<\/strong><\/p>\n<p><strong>D\u00e9cret no 2016-1102 du 11 ao\u00fbt 2016 autorisant la cr\u00e9ation d\u2019un traitement de donn\u00e9es \u00e0 caract\u00e8re personnel d\u00e9nomm\u00e9 \u00ab compte personnel de pr\u00e9vention de la p\u00e9nibilit\u00e9 \u00bb<\/strong><\/p>\n<p><img loading=\"lazy\" class=\"wp-image-1670 aligncenter\" src=\"http:\/\/duerp.com\/wp-content\/uploads\/Cr\u00e9ation-d\u2019un-traitement-de-donn\u00e9es-\u00e0-caract\u00e8re-personnel-d\u00e9nomm\u00e9-\u00ab-compte-personnel-de-pr\u00e9vention-de-la-p\u00e9nibilit\u00e9-\u00bb-300x134.png\" alt=\"Cr\u00e9ation d\u2019un traitement de donn\u00e9es \u00e0 caract\u00e8re personnel d\u00e9nomm\u00e9 \u00ab compte personnel de pr\u00e9vention de la p\u00e9nibilit\u00e9 \u00bb\" width=\"560\" height=\"250\" srcset=\"https:\/\/www.duerp.com\/wp-content\/uploads\/Cr\u00e9ation-d\u2019un-traitement-de-donn\u00e9es-\u00e0-caract\u00e8re-personnel-d\u00e9nomm\u00e9-\u00ab-compte-personnel-de-pr\u00e9vention-de-la-p\u00e9nibilit\u00e9-\u00bb-300x134.png 300w, https:\/\/www.duerp.com\/wp-content\/uploads\/Cr\u00e9ation-d\u2019un-traitement-de-donn\u00e9es-\u00e0-caract\u00e8re-personnel-d\u00e9nomm\u00e9-\u00ab-compte-personnel-de-pr\u00e9vention-de-la-p\u00e9nibilit\u00e9-\u00bb.png 600w\" sizes=\"(max-width: 560px) 100vw, 560px\" \/><\/p>\n<p><!--more--><\/p>\n<p>&nbsp;<\/p>\n<p>Le pr\u00e9sent d\u00e9cret a pour objet de cr\u00e9er un traitement automatis\u00e9 de donn\u00e9es \u00e0 caract\u00e8re personnel permettant la mise en \u0153uvre du compte personnel de pr\u00e9vention de la p\u00e9nibilit\u00e9. Ce traitement permettra la mise \u00e0 disposition d&#8217;informations et de services aupr\u00e8s des salari\u00e9s titulaires du compte ainsi que des employeurs.<\/p>\n<p><strong>\u00a0<\/strong><\/p>\n<p><a href=\"https:\/\/www.legifrance.gouv.fr\/affichTexte.do?cidTexte=JORFTEXT000033026211&amp;dateTexte=&amp;categorieLien=id\">D\u00e9cret no 2016-1102 du 11 ao\u00fbt 2016 autorisant la cr\u00e9ation d\u2019un traitement de donn\u00e9es \u00e0 caract\u00e8re personnel d\u00e9nomm\u00e9 \u00ab compte personnel de pr\u00e9vention de la p\u00e9nibilit\u00e9 \u00bb<\/a><\/p>\n<p><img loading=\"lazy\" class=\"alignnone size-medium wp-image-753\" src=\"http:\/\/duerp.com\/wp-content\/uploads\/legifrance-300x53.jpg\" alt=\"Legifrance\" width=\"300\" height=\"53\" srcset=\"https:\/\/www.duerp.com\/wp-content\/uploads\/legifrance-300x53.jpg 300w, https:\/\/www.duerp.com\/wp-content\/uploads\/legifrance.jpg 592w\" sizes=\"(max-width: 300px) 100vw, 300px\" \/><\/p>","protected":false},"excerpt":{"rendered":"<p>Sorry, this entry is only available in French. For the sake of viewer convenience, the content is shown below in the alternative language. You may click the link to switch the active language.Paru le 13\/08\/2016 au JORF D\u00e9cret no 2016-1102 du 11 ao\u00fbt 2016 autorisant la cr\u00e9ation d\u2019un traitement de donn\u00e9es \u00e0 caract\u00e8re personnel d\u00e9nomm\u00e9&hellip;<\/p>\n","protected":false},"author":1,"featured_media":0,"comment_status":"open","ping_status":"open","sticky":false,"template":"","format":"standard","meta":[],"categories":[13],"tags":[],"_links":{"self":[{"href":"https:\/\/www.duerp.com\/en\/wp-json\/wp\/v2\/posts\/1668"}],"collection":[{"href":"https:\/\/www.duerp.com\/en\/wp-json\/wp\/v2\/posts"}],"about":[{"href":"https:\/\/www.duerp.com\/en\/wp-json\/wp\/v2\/types\/post"}],"author":[{"embeddable":true,"href":"https:\/\/www.duerp.com\/en\/wp-json\/wp\/v2\/users\/1"}],"replies":[{"embeddable":true,"href":"https:\/\/www.duerp.com\/en\/wp-json\/wp\/v2\/comments?post=1668"}],"version-history":[{"count":3,"href":"https:\/\/www.duerp.com\/en\/wp-json\/wp\/v2\/posts\/1668\/revisions"}],"predecessor-version":[{"id":1677,"href":"https:\/\/www.duerp.com\/en\/wp-json\/wp\/v2\/posts\/1668\/revisions\/1677"}],"wp:attachment":[{"href":"https:\/\/www.duerp.com\/en\/wp-json\/wp\/v2\/media?parent=1668"}],"wp:term":[{"taxonomy":"category","embeddable":true,"href":"https:\/\/www.duerp.com\/en\/wp-json\/wp\/v2\/categories?post=1668"},{"taxonomy":"post_tag","embeddable":true,"href":"https:\/\/www.duerp.com\/en\/wp-json\/wp\/v2\/tags?post=1668"}],"curies":[{"name":"wp","href":"https:\/\/api.w.org\/{rel}","templated":true}]}}