{"id":1688,"date":"2016-08-26T14:37:33","date_gmt":"2016-08-26T12:37:33","guid":{"rendered":"http:\/\/duerp.com\/?p=1688"},"modified":"2016-08-26T14:38:11","modified_gmt":"2016-08-26T12:38:11","slug":"definition-de-la-qualification-professionnelle-minimale-requise-pour-les-personnes-responsables-de-la-fabrication-du-conditionnement-de-limportation-des-controles-de-qualite-de-l","status":"publish","type":"post","link":"https:\/\/www.duerp.com\/en\/2016\/08\/26\/definition-de-la-qualification-professionnelle-minimale-requise-pour-les-personnes-responsables-de-la-fabrication-du-conditionnement-de-limportation-des-controles-de-qualite-de-l\/","title":{"rendered":"(Fran\u00e7ais) D\u00e9finition de la qualification professionnelle minimale requise pour les personnes responsables de la fabrication, du conditionnement, de l\u2019importation, des contr\u00f4les de qualit\u00e9, de l\u2019\u00e9valuation de la s\u00e9curit\u00e9 pour la sant\u00e9 humaine, de la d\u00e9tention et de la surveillance des stocks de mati\u00e8re premi\u00e8res et de produits finis des produits de tatouage"},"content":{"rendered":"<p class=\"qtranxs-available-languages-message qtranxs-available-languages-message-en\">Sorry, this entry is only available in <a href=\"https:\/\/www.duerp.com\/fr\/wp-json\/wp\/v2\/posts\/1688\" class=\"qtranxs-available-language-link qtranxs-available-language-link-fr\" title=\"Fran\u00e7ais\">French<\/a>. For the sake of viewer convenience, the content is shown below in the alternative language. You may click the link to switch the active language.<\/p><p><strong>Paru le 26\/08\/2016 au JORF<\/strong><\/p>\n<p><strong>Arr\u00eat\u00e9 du 19 ao\u00fbt 2016 relatif \u00e0 la qualification professionnelle des personnes responsables de la fabrication, du conditionnement, de l\u2019importation, des contr\u00f4les de qualit\u00e9, de l\u2019\u00e9valuation de la s\u00e9curit\u00e9 pour la sant\u00e9 humaine, de la d\u00e9tention et de la surveillance des stocks de mati\u00e8res premi\u00e8res et de produits finis des produits de tatouage<\/strong><\/p>\n<p><img loading=\"lazy\" class=\"size-medium wp-image-1691 aligncenter\" src=\"http:\/\/duerp.com\/wp-content\/uploads\/D\u00e9finition-de-la-qualification-professionnelle-minimale-requise-pour-les-personnes-300x300.png\" alt=\"D\u00e9finition de la qualification professionnelle minimale requise pour les personnes\" width=\"300\" height=\"300\" srcset=\"https:\/\/www.duerp.com\/wp-content\/uploads\/D\u00e9finition-de-la-qualification-professionnelle-minimale-requise-pour-les-personnes-300x300.png 300w, https:\/\/www.duerp.com\/wp-content\/uploads\/D\u00e9finition-de-la-qualification-professionnelle-minimale-requise-pour-les-personnes-100x100.png 100w, https:\/\/www.duerp.com\/wp-content\/uploads\/D\u00e9finition-de-la-qualification-professionnelle-minimale-requise-pour-les-personnes-600x600.png 600w, https:\/\/www.duerp.com\/wp-content\/uploads\/D\u00e9finition-de-la-qualification-professionnelle-minimale-requise-pour-les-personnes-150x150.png 150w, https:\/\/www.duerp.com\/wp-content\/uploads\/D\u00e9finition-de-la-qualification-professionnelle-minimale-requise-pour-les-personnes-50x50.png 50w, https:\/\/www.duerp.com\/wp-content\/uploads\/D\u00e9finition-de-la-qualification-professionnelle-minimale-requise-pour-les-personnes.png 800w\" sizes=\"(max-width: 300px) 100vw, 300px\" \/><\/p>\n<p>&nbsp;<\/p>\n<p><!--more--><\/p>\n<p>Les dispositions du pr\u00e9sent arr\u00eat\u00e9 d\u00e9finissent la liste des dipl\u00f4mes permettant d\u2019exercer les activit\u00e9s de responsables de la fabrication, du conditionnement, de l\u2019importation, des contr\u00f4les de qualit\u00e9, de l\u2019\u00e9valuation de la s\u00e9curit\u00e9 pour la sant\u00e9 humaine, de la d\u00e9tention et de la surveillance des stocks de mati\u00e8res premi\u00e8res et de produits finis des produits de tatouage.<\/p>\n<p><a href=\"https:\/\/www.legifrance.gouv.fr\/affichTexte.do?cidTexte=JORFTEXT000033067027&amp;dateTexte=&amp;categorieLien=id\">Arr\u00eat\u00e9 du 19 ao\u00fbt 2016 relatif \u00e0 la qualification professionnelle des personnes responsables de la fabrication, du conditionnement, de l\u2019importation, des contr\u00f4les de qualit\u00e9, de l\u2019\u00e9valuation de la s\u00e9curit\u00e9 pour la sant\u00e9 humaine, de la d\u00e9tention et de la surveillance des stocks de mati\u00e8res premi\u00e8res et de produits finis des produits de tatouage<\/a><\/p>\n<p>&nbsp;<\/p>\n<p><img loading=\"lazy\" class=\"alignnone size-medium wp-image-753\" src=\"http:\/\/duerp.com\/wp-content\/uploads\/legifrance-300x53.jpg\" alt=\"Legifrance\" width=\"300\" height=\"53\" srcset=\"https:\/\/www.duerp.com\/wp-content\/uploads\/legifrance-300x53.jpg 300w, https:\/\/www.duerp.com\/wp-content\/uploads\/legifrance.jpg 592w\" sizes=\"(max-width: 300px) 100vw, 300px\" \/><\/p>","protected":false},"excerpt":{"rendered":"<p>Sorry, this entry is only available in French. For the sake of viewer convenience, the content is shown below in the alternative language. You may click the link to switch the active language.Paru le 26\/08\/2016 au JORF Arr\u00eat\u00e9 du 19 ao\u00fbt 2016 relatif \u00e0 la qualification professionnelle des personnes responsables de la fabrication, du conditionnement,&hellip;<\/p>\n","protected":false},"author":1,"featured_media":0,"comment_status":"open","ping_status":"open","sticky":false,"template":"","format":"standard","meta":[],"categories":[13],"tags":[],"_links":{"self":[{"href":"https:\/\/www.duerp.com\/en\/wp-json\/wp\/v2\/posts\/1688"}],"collection":[{"href":"https:\/\/www.duerp.com\/en\/wp-json\/wp\/v2\/posts"}],"about":[{"href":"https:\/\/www.duerp.com\/en\/wp-json\/wp\/v2\/types\/post"}],"author":[{"embeddable":true,"href":"https:\/\/www.duerp.com\/en\/wp-json\/wp\/v2\/users\/1"}],"replies":[{"embeddable":true,"href":"https:\/\/www.duerp.com\/en\/wp-json\/wp\/v2\/comments?post=1688"}],"version-history":[{"count":2,"href":"https:\/\/www.duerp.com\/en\/wp-json\/wp\/v2\/posts\/1688\/revisions"}],"predecessor-version":[{"id":1693,"href":"https:\/\/www.duerp.com\/en\/wp-json\/wp\/v2\/posts\/1688\/revisions\/1693"}],"wp:attachment":[{"href":"https:\/\/www.duerp.com\/en\/wp-json\/wp\/v2\/media?parent=1688"}],"wp:term":[{"taxonomy":"category","embeddable":true,"href":"https:\/\/www.duerp.com\/en\/wp-json\/wp\/v2\/categories?post=1688"},{"taxonomy":"post_tag","embeddable":true,"href":"https:\/\/www.duerp.com\/en\/wp-json\/wp\/v2\/tags?post=1688"}],"curies":[{"name":"wp","href":"https:\/\/api.w.org\/{rel}","templated":true}]}}