{"id":2501,"date":"2021-08-23T10:45:27","date_gmt":"2021-08-23T08:45:27","guid":{"rendered":"https:\/\/www.duerp.com\/?p=2501"},"modified":"2021-08-24T18:09:12","modified_gmt":"2021-08-24T16:09:12","slug":"nouveau-protocole-sanitaire-du-9-aout-focus-sur-le-pass-sanitaire","status":"publish","type":"post","link":"https:\/\/www.duerp.com\/en\/2021\/08\/23\/nouveau-protocole-sanitaire-du-9-aout-focus-sur-le-pass-sanitaire\/","title":{"rendered":"Nouveau protocole sanitaire du 9 ao\u00fbt \u2013 Focus sur le pass sanitaire"},"content":{"rendered":"<h4><span style=\"color: #000000;\"><strong>Al\u00e9a pr\u00e9vention vous propose un r\u00e9sum\u00e9 de la mise \u00e0 jour du protocole sanitaire publi\u00e9 par le gouvernement avec un\u00a0<em>focus<\/em>\u00a0sp\u00e9cial sur le\u00a0<em>pass<\/em>\u00a0sanitaire. Voici ce qui change par rapport \u00e0 la version du 30 juin. Retrouvez toutes les dates \u00e0 retenir dans l&#8217;article !<\/strong><\/span><\/h4>\n<p><span style=\"color: #000000;\"><strong>\u00a0<\/strong><\/span><\/p>\n<h3><span style=\"color: #2f8be0;\"><strong>Pass sanitaire obligatoire\u00a0\u00e0 partir\u00a0du 9 ao\u00fbt pour<\/strong> :<\/span><\/h3>\n<p>&nbsp;<\/p>\n<ul>\n<li><span style=\"color: #000000;\">les activit\u00e9s de restauration commerciale y compris sur les terrasses, \u00e0 l&#8217;exception de la restauration collective ou de vente \u00e0\u00a0emporter\u00a0de plats pr\u00e9par\u00e9s, de la restauration professionnelle routi\u00e8re et ferroviaire, du \u00ab\u00a0room\u00a0service \u00bb des restaurants et bars d&#8217;h\u00f4tels et de la restauration non-commerciale, notamment la distribution gratuite de repas ;<\/span><\/li>\n<li><span style=\"color: #000000;\">foires et salons les\u00a0professionnels et\u00a0les s\u00e9minaires professionnels ;o\u00a0les services et \u00e9tablissements de sant\u00e9, sociaux et m\u00e9dico-sociaux, pour les personnes\u00a0accompagnantes\u00a0ou\u00a0rendant\u00a0visite. Sauf en cas d&#8217;urgence, n&#8217;a pas pour effet de limiter l&#8217;acc\u00e8s aux soins.<\/span><\/li>\n<li><span style=\"color: #000000;\">les d\u00e9placements de longue distance par transports publics\u00a0inter r\u00e9gionaux<\/span><\/li>\n<li><span style=\"color: #000000;\">les grands magasins et centres commerciaux de plus de 20 000 m\u00b2,<\/span><\/li>\n<\/ul>\n<p>&nbsp;<\/p>\n<h3><span style=\"color: #2f8be0;\"><strong>A partir du 30 ao\u00fbt <\/strong>:<\/span><\/h3>\n<p>&nbsp;<\/p>\n<ul>\n<li><span style=\"color: #000000;\"><span style=\"color: #000000;\">Pass sanitaire obligatoire pour \u00c0 compter du 30 ao\u00fbt 2021, les salari\u00e9s, b\u00e9n\u00e9voles, prestataires, int\u00e9rimaires, sous-traitants qui interviennent dans les \u00e9tablissements o\u00f9 il est demand\u00e9 aux usagers sont concern\u00e9s par l\u2019obligation de pr\u00e9sentation du pass sanitaire.<\/span><\/span><\/li>\n<li><span style=\"color: #000000;\"><span style=\"color: #000000;\">Le pass sanitaire pourra se pr\u00e9senter sous la forme d\u2019un test PCR, test antig\u00e9nique, autotest r\u00e9alis\u00e9 sous la supervision d\u2019un professionnel de sant\u00e9 datant d\u2019au plus 72h. Ou bien un justificatif de vaccinal covid 19 ou un certificat de r\u00e9tablissement \u00e0 la suite d\u2019une contamination<\/span><\/span><\/li>\n<li><span style=\"color: #000000;\"><span style=\"color: #000000;\">Non concern\u00e9 par cette obligation\u00a0: personnes intervenantes dans les lieux, \u00e9tablissements, \u00e9v\u00e9nements pr\u00e9cit\u00e9s si elles interviennent hors des espaces accessibles au public ou hors horaires d\u2019ouverture au public ou en cas d\u2019interventions urgentes ou livraison. L\u2019employeur devra v\u00e9rifier le respect de cette obligation de se faire d\u00e9pister<\/span><\/span><\/li>\n<li><span style=\"color: #000000;\"><span style=\"color: #000000;\">Si le travailleur soumis \u00e0 l\u2019obligation du pass sanitaire ne le pr\u00e9sente pas \u00e0 son employeur, il peut prendre des jours de cong\u00e9s ou RTT. En d\u2019autres termes, l\u2019employeur suspend son contrat de travail. Au bout des 3 jours suivant la suspension, l\u2019employeur devra examiner sa situation et prendre des mesures. (t\u00e9l\u00e9travail, changement de poste.)<\/span><\/span><\/li>\n<li><span style=\"color: #000000;\"><span style=\"color: #000000;\">L\u2019employeur pourra conserver les justificatifs de l\u2019obligation vaccinale de mani\u00e8re s\u00e9curis\u00e9e jusqu\u2019\u00e0 la fin de cette obligation<\/span><\/span><\/li>\n<li><span style=\"color: #000000;\"><span style=\"color: #000000;\">Si l\u2019entreprise est affect\u00e9e par cette obligation, les repr\u00e9sentants du personnel du comit\u00e9 social et \u00e9conomique (CSE) doivent \u00eatre inform\u00e9s et consult\u00e9s. Cette information d\u00e9clenche le d\u00e9lai d\u2019un mois de consultation du CSE.<\/span><\/span><\/li>\n<li><span style=\"color: #000000;\">L\u2019employeur doit porter une attention particuli\u00e8re aux salari\u00e9s qui sont responsables de contr\u00f4ler les pass sanitaire en adaptant l\u2019\u00e9valuation des risques aux difficult\u00e9s li\u00e9es \u00e0 cette activit\u00e9 et en leur apportant un accompagnement adapt\u00e9 afin de pouvoir faire face \u00e0 d\u2019\u00e9ventuelles difficult\u00e9s.<\/span><\/li>\n<\/ul>\n<p>&nbsp;<\/p>\n<p>&nbsp;<\/p>\n<h3><span style=\"color: #2f8be0;\"><strong>15 septembre\u00a0:<\/strong><\/span><\/h3>\n<p>&nbsp;<\/p>\n<ul>\n<li style=\"list-style-type: none;\">\n<ul>\n<li><span style=\"color: #000000;\">Le personnel des \u00e9tablissements de soins, m\u00e9dico-sociaux et sociaux devra obligatoirement \u00eatre vaccin\u00e9, sauf contre-indication m\u00e9dicale. Un d\u00e9lai allant jusqu&#8217;au 15 octobre 2021 s&#8217;ils ont d\u00e9j\u00e0 re\u00e7u une premi\u00e8re dose de vaccin.<\/span><\/li>\n<\/ul>\n<\/li>\n<\/ul>\n<p><span style=\"color: #000000;\"><strong>\u00a0<\/strong><\/span><\/p>\n<p><span style=\"color: #000000;\"><strong>\u00a0<\/strong><\/span><\/p>\n<h3><span style=\"color: #2f8be0;\"><strong>A compter du 30 septembre\u00a0:<\/strong><\/span><\/h3>\n<p><span style=\"color: #000000;\"><strong>\u00a0<\/strong><\/span><\/p>\n<ul>\n<li><span style=\"color: #000000;\">Le \u00ab pass sanitaire \u00bb sera obligatoire pour les\u00a0mineurs \u00e2g\u00e9s de 12 \u00e0 17 ans. Les salari\u00e9s de moins de 18 ans ne seront pas tenus de pr\u00e9senter un pass sanitaire avant cette date. A partir de cette date, ils devront pr\u00e9senter un pass sanitaire dans les m\u00eames conditions que les salari\u00e9s majeurs.<\/span><\/li>\n<\/ul>\n<p>&nbsp;<\/p>\n<p><img loading=\"lazy\" class=\" wp-image-2503 aligncenter\" src=\"https:\/\/www.duerp.com\/wp-content\/uploads\/Capture-de\u0301cran-2021-08-18-a\u0300-15.35.47-300x208.png\" alt=\"\" width=\"557\" height=\"386\" srcset=\"https:\/\/www.duerp.com\/wp-content\/uploads\/Capture-de\u0301cran-2021-08-18-a\u0300-15.35.47-300x208.png 300w, https:\/\/www.duerp.com\/wp-content\/uploads\/Capture-de\u0301cran-2021-08-18-a\u0300-15.35.47-1024x710.png 1024w, https:\/\/www.duerp.com\/wp-content\/uploads\/Capture-de\u0301cran-2021-08-18-a\u0300-15.35.47-1536x1065.png 1536w, https:\/\/www.duerp.com\/wp-content\/uploads\/Capture-de\u0301cran-2021-08-18-a\u0300-15.35.47-600x416.png 600w, https:\/\/www.duerp.com\/wp-content\/uploads\/Capture-de\u0301cran-2021-08-18-a\u0300-15.35.47.png 1860w\" sizes=\"(max-width: 557px) 100vw, 557px\" \/><\/p>\n","protected":false},"excerpt":{"rendered":"<p>Al\u00e9a pr\u00e9vention vous propose un r\u00e9sum\u00e9 de la mise \u00e0 jour du protocole sanitaire publi\u00e9 par le gouvernement avec un\u00a0focus\u00a0sp\u00e9cial sur le\u00a0pass\u00a0sanitaire. Voici ce qui change par rapport \u00e0 la version du 30 juin. Retrouvez toutes les dates \u00e0 retenir dans l&#8217;article ! \u00a0 Pass sanitaire obligatoire\u00a0\u00e0 partir\u00a0du 9 ao\u00fbt pour : &nbsp; les activit\u00e9s&hellip;<\/p>\n","protected":false},"author":6,"featured_media":2509,"comment_status":"open","ping_status":"open","sticky":false,"template":"","format":"standard","meta":[],"categories":[16,13],"tags":[],"_links":{"self":[{"href":"https:\/\/www.duerp.com\/en\/wp-json\/wp\/v2\/posts\/2501"}],"collection":[{"href":"https:\/\/www.duerp.com\/en\/wp-json\/wp\/v2\/posts"}],"about":[{"href":"https:\/\/www.duerp.com\/en\/wp-json\/wp\/v2\/types\/post"}],"author":[{"embeddable":true,"href":"https:\/\/www.duerp.com\/en\/wp-json\/wp\/v2\/users\/6"}],"replies":[{"embeddable":true,"href":"https:\/\/www.duerp.com\/en\/wp-json\/wp\/v2\/comments?post=2501"}],"version-history":[{"count":6,"href":"https:\/\/www.duerp.com\/en\/wp-json\/wp\/v2\/posts\/2501\/revisions"}],"predecessor-version":[{"id":2537,"href":"https:\/\/www.duerp.com\/en\/wp-json\/wp\/v2\/posts\/2501\/revisions\/2537"}],"wp:featuredmedia":[{"embeddable":true,"href":"https:\/\/www.duerp.com\/en\/wp-json\/wp\/v2\/media\/2509"}],"wp:attachment":[{"href":"https:\/\/www.duerp.com\/en\/wp-json\/wp\/v2\/media?parent=2501"}],"wp:term":[{"taxonomy":"category","embeddable":true,"href":"https:\/\/www.duerp.com\/en\/wp-json\/wp\/v2\/categories?post=2501"},{"taxonomy":"post_tag","embeddable":true,"href":"https:\/\/www.duerp.com\/en\/wp-json\/wp\/v2\/tags?post=2501"}],"curies":[{"name":"wp","href":"https:\/\/api.w.org\/{rel}","templated":true}]}}