{"id":2713,"date":"2021-09-28T16:24:02","date_gmt":"2021-09-28T14:24:02","guid":{"rendered":"https:\/\/www.duerp.com\/?p=2713"},"modified":"2021-09-29T15:16:47","modified_gmt":"2021-09-29T13:16:47","slug":"nouvelle-loi-sst-les-mesures-phares","status":"publish","type":"post","link":"https:\/\/www.duerp.com\/en\/2021\/09\/28\/nouvelle-loi-sst-les-mesures-phares\/","title":{"rendered":"(Fran\u00e7ais) Nouvelle loi SST &#8211; les mesures phares"},"content":{"rendered":"<p class=\"qtranxs-available-languages-message qtranxs-available-languages-message-en\">Sorry, this entry is only available in <a href=\"https:\/\/www.duerp.com\/fr\/wp-json\/wp\/v2\/posts\/2713\" class=\"qtranxs-available-language-link qtranxs-available-language-link-fr\" title=\"Fran\u00e7ais\">French<\/a>. For the sake of viewer convenience, the content is shown below in the alternative language. You may click the link to switch the active language.<\/p><p>Loi du 2 ao\u00fbt visant le renforcement de la pr\u00e9vention sant\u00e9 au travail.<\/p>\n<p>Al\u00e9a pr\u00e9vention vous propose une synth\u00e8se de cette loi qui renforce la r\u00f4le du document unique. Nous sommes \u00e0 votre disposition pour vous aider \u00e0 vous mettre en conformit\u00e9.<\/p>\n<p>Alors n&#8217;attendez plus, il est temps de se mettre \u00e0 jour !<\/p>\n<p>&nbsp;<\/p>\n<p>&nbsp;<\/p>\n<p>&nbsp;<\/p>\n<p><img loading=\"lazy\" class=\" wp-image-2716 aligncenter\" src=\"https:\/\/www.duerp.com\/wp-content\/uploads\/LES-ATTENTES-SANTE\u0301-DES-SALARIE\u0301S-EN-ENTREPRISE-1-1-120x300.jpg\" alt=\"\" width=\"350\" height=\"875\" srcset=\"https:\/\/www.duerp.com\/wp-content\/uploads\/LES-ATTENTES-SANTE\u0301-DES-SALARIE\u0301S-EN-ENTREPRISE-1-1-120x300.jpg 120w, https:\/\/www.duerp.com\/wp-content\/uploads\/LES-ATTENTES-SANTE\u0301-DES-SALARIE\u0301S-EN-ENTREPRISE-1-1-410x1024.jpg 410w, https:\/\/www.duerp.com\/wp-content\/uploads\/LES-ATTENTES-SANTE\u0301-DES-SALARIE\u0301S-EN-ENTREPRISE-1-1-614x1536.jpg 614w, https:\/\/www.duerp.com\/wp-content\/uploads\/LES-ATTENTES-SANTE\u0301-DES-SALARIE\u0301S-EN-ENTREPRISE-1-1-600x1500.jpg 600w, https:\/\/www.duerp.com\/wp-content\/uploads\/LES-ATTENTES-SANTE\u0301-DES-SALARIE\u0301S-EN-ENTREPRISE-1-1.jpg 800w\" sizes=\"(max-width: 350px) 100vw, 350px\" \/><\/p>","protected":false},"excerpt":{"rendered":"<p>Sorry, this entry is only available in French. For the sake of viewer convenience, the content is shown below in the alternative language. You may click the link to switch the active language.Loi du 2 ao\u00fbt visant le renforcement de la pr\u00e9vention sant\u00e9 au travail. Al\u00e9a pr\u00e9vention vous propose une synth\u00e8se de cette loi qui&hellip;<\/p>\n","protected":false},"author":6,"featured_media":2724,"comment_status":"closed","ping_status":"open","sticky":false,"template":"","format":"standard","meta":[],"categories":[13],"tags":[],"_links":{"self":[{"href":"https:\/\/www.duerp.com\/en\/wp-json\/wp\/v2\/posts\/2713"}],"collection":[{"href":"https:\/\/www.duerp.com\/en\/wp-json\/wp\/v2\/posts"}],"about":[{"href":"https:\/\/www.duerp.com\/en\/wp-json\/wp\/v2\/types\/post"}],"author":[{"embeddable":true,"href":"https:\/\/www.duerp.com\/en\/wp-json\/wp\/v2\/users\/6"}],"replies":[{"embeddable":true,"href":"https:\/\/www.duerp.com\/en\/wp-json\/wp\/v2\/comments?post=2713"}],"version-history":[{"count":4,"href":"https:\/\/www.duerp.com\/en\/wp-json\/wp\/v2\/posts\/2713\/revisions"}],"predecessor-version":[{"id":2725,"href":"https:\/\/www.duerp.com\/en\/wp-json\/wp\/v2\/posts\/2713\/revisions\/2725"}],"wp:featuredmedia":[{"embeddable":true,"href":"https:\/\/www.duerp.com\/en\/wp-json\/wp\/v2\/media\/2724"}],"wp:attachment":[{"href":"https:\/\/www.duerp.com\/en\/wp-json\/wp\/v2\/media?parent=2713"}],"wp:term":[{"taxonomy":"category","embeddable":true,"href":"https:\/\/www.duerp.com\/en\/wp-json\/wp\/v2\/categories?post=2713"},{"taxonomy":"post_tag","embeddable":true,"href":"https:\/\/www.duerp.com\/en\/wp-json\/wp\/v2\/tags?post=2713"}],"curies":[{"name":"wp","href":"https:\/\/api.w.org\/{rel}","templated":true}]}}