{"id":2760,"date":"2021-10-13T17:25:59","date_gmt":"2021-10-13T15:25:59","guid":{"rendered":"https:\/\/www.duerp.com\/?p=2760"},"modified":"2021-10-13T17:25:59","modified_gmt":"2021-10-13T15:25:59","slug":"les-changements-lies-a-la-loi-du-2-aout","status":"publish","type":"post","link":"https:\/\/www.duerp.com\/en\/2021\/10\/13\/les-changements-lies-a-la-loi-du-2-aout\/","title":{"rendered":"(Fran\u00e7ais) Les changements li\u00e9s \u00e0 la loi du 2 ao\u00fbt."},"content":{"rendered":"<p class=\"qtranxs-available-languages-message qtranxs-available-languages-message-en\">Sorry, this entry is only available in <a href=\"https:\/\/www.duerp.com\/fr\/wp-json\/wp\/v2\/posts\/2760\" class=\"qtranxs-available-language-link qtranxs-available-language-link-fr\" title=\"Fran\u00e7ais\">French<\/a>. For the sake of viewer convenience, the content is shown below in the alternative language. You may click the link to switch the active language.<\/p><p>La loi du 2 ao\u00fbt 2021 est une r\u00e9forme de fond de la pr\u00e9vention sant\u00e9 s\u00e9curit\u00e9 au travail. Elle apporte de nombreuses modifications qui devront \u00eatre mises en oeuvre \u00e0 partir du 31 mars 2022.<\/p>\n<p>Le Document Unique est au centre de cette nouvelle loi. Son utilisation va \u00eatre renforc\u00e9e et sa diffusion va \u00eatre \u00e9tendue.<\/p>\n<p>Que doivent pr\u00e9parer les chefs d&#8217;entreprise et les responsables HSE pour mettre \u00e0 jour leur document unique avant le 31 mars 2022 ?<\/p>\n<p>source: webinaire Pradel<\/p>\n<p>&nbsp;<\/p>\n<p><img loading=\"lazy\" class=\"alignnone  wp-image-2765\" src=\"https:\/\/www.duerp.com\/wp-content\/uploads\/2-1-300x169.jpg\" alt=\"\" width=\"680\" height=\"383\" srcset=\"https:\/\/www.duerp.com\/wp-content\/uploads\/2-1-300x169.jpg 300w, https:\/\/www.duerp.com\/wp-content\/uploads\/2-1-1024x576.jpg 1024w, https:\/\/www.duerp.com\/wp-content\/uploads\/2-1-1536x864.jpg 1536w, https:\/\/www.duerp.com\/wp-content\/uploads\/2-1-600x338.jpg 600w, https:\/\/www.duerp.com\/wp-content\/uploads\/2-1.jpg 1920w\" sizes=\"(max-width: 680px) 100vw, 680px\" \/><img loading=\"lazy\" class=\"alignnone  wp-image-2766\" src=\"https:\/\/www.duerp.com\/wp-content\/uploads\/3-1-300x169.jpg\" alt=\"\" width=\"672\" height=\"379\" srcset=\"https:\/\/www.duerp.com\/wp-content\/uploads\/3-1-300x169.jpg 300w, https:\/\/www.duerp.com\/wp-content\/uploads\/3-1-1024x576.jpg 1024w, https:\/\/www.duerp.com\/wp-content\/uploads\/3-1-1536x864.jpg 1536w, https:\/\/www.duerp.com\/wp-content\/uploads\/3-1-600x338.jpg 600w, https:\/\/www.duerp.com\/wp-content\/uploads\/3-1.jpg 1920w\" sizes=\"(max-width: 672px) 100vw, 672px\" \/><img loading=\"lazy\" class=\"alignnone  wp-image-2767\" src=\"https:\/\/www.duerp.com\/wp-content\/uploads\/4-1-300x169.jpg\" alt=\"\" width=\"670\" height=\"377\" srcset=\"https:\/\/www.duerp.com\/wp-content\/uploads\/4-1-300x169.jpg 300w, https:\/\/www.duerp.com\/wp-content\/uploads\/4-1-1024x576.jpg 1024w, https:\/\/www.duerp.com\/wp-content\/uploads\/4-1-1536x864.jpg 1536w, https:\/\/www.duerp.com\/wp-content\/uploads\/4-1-600x338.jpg 600w, https:\/\/www.duerp.com\/wp-content\/uploads\/4-1.jpg 1920w\" sizes=\"(max-width: 670px) 100vw, 670px\" \/><img loading=\"lazy\" class=\"alignnone  wp-image-2768\" src=\"https:\/\/www.duerp.com\/wp-content\/uploads\/5-1-300x169.jpg\" alt=\"\" width=\"673\" height=\"379\" srcset=\"https:\/\/www.duerp.com\/wp-content\/uploads\/5-1-300x169.jpg 300w, https:\/\/www.duerp.com\/wp-content\/uploads\/5-1-1024x576.jpg 1024w, https:\/\/www.duerp.com\/wp-content\/uploads\/5-1-1536x864.jpg 1536w, https:\/\/www.duerp.com\/wp-content\/uploads\/5-1-600x338.jpg 600w, https:\/\/www.duerp.com\/wp-content\/uploads\/5-1.jpg 1920w\" sizes=\"(max-width: 673px) 100vw, 673px\" \/><\/p>\n<p>&nbsp;<\/p>\n<p>Pdf t\u00e9l\u00e9chargeable: <a href=\"https:\/\/www.duerp.com\/wp-content\/uploads\/Le-DU-maintenant-VS-le-31-mars-1-1.pdf\">Le DU maintenant VS le 31 mars (1)<\/a><\/p>","protected":false},"excerpt":{"rendered":"<p>Sorry, this entry is only available in French. For the sake of viewer convenience, the content is shown below in the alternative language. You may click the link to switch the active language.La loi du 2 ao\u00fbt 2021 est une r\u00e9forme de fond de la pr\u00e9vention sant\u00e9 s\u00e9curit\u00e9 au travail. Elle apporte de nombreuses modifications&hellip;<\/p>\n","protected":false},"author":6,"featured_media":2764,"comment_status":"closed","ping_status":"open","sticky":false,"template":"","format":"standard","meta":[],"categories":[1],"tags":[],"_links":{"self":[{"href":"https:\/\/www.duerp.com\/en\/wp-json\/wp\/v2\/posts\/2760"}],"collection":[{"href":"https:\/\/www.duerp.com\/en\/wp-json\/wp\/v2\/posts"}],"about":[{"href":"https:\/\/www.duerp.com\/en\/wp-json\/wp\/v2\/types\/post"}],"author":[{"embeddable":true,"href":"https:\/\/www.duerp.com\/en\/wp-json\/wp\/v2\/users\/6"}],"replies":[{"embeddable":true,"href":"https:\/\/www.duerp.com\/en\/wp-json\/wp\/v2\/comments?post=2760"}],"version-history":[{"count":6,"href":"https:\/\/www.duerp.com\/en\/wp-json\/wp\/v2\/posts\/2760\/revisions"}],"predecessor-version":[{"id":2774,"href":"https:\/\/www.duerp.com\/en\/wp-json\/wp\/v2\/posts\/2760\/revisions\/2774"}],"wp:featuredmedia":[{"embeddable":true,"href":"https:\/\/www.duerp.com\/en\/wp-json\/wp\/v2\/media\/2764"}],"wp:attachment":[{"href":"https:\/\/www.duerp.com\/en\/wp-json\/wp\/v2\/media?parent=2760"}],"wp:term":[{"taxonomy":"category","embeddable":true,"href":"https:\/\/www.duerp.com\/en\/wp-json\/wp\/v2\/categories?post=2760"},{"taxonomy":"post_tag","embeddable":true,"href":"https:\/\/www.duerp.com\/en\/wp-json\/wp\/v2\/tags?post=2760"}],"curies":[{"name":"wp","href":"https:\/\/api.w.org\/{rel}","templated":true}]}}