{"id":2958,"date":"2022-02-25T15:41:44","date_gmt":"2022-02-25T14:41:44","guid":{"rendered":"https:\/\/www.duerp.com\/?p=2958"},"modified":"2022-10-13T12:36:52","modified_gmt":"2022-10-13T10:36:52","slug":"votre-pour-nous-pour-le-prix-du-public-de-la-worknight","status":"publish","type":"post","link":"https:\/\/www.duerp.com\/en\/2022\/02\/25\/votre-pour-nous-pour-le-prix-du-public-de-la-worknight\/","title":{"rendered":"(Fran\u00e7ais) Prix du public Worknight : votez ALEA Prevention !"},"content":{"rendered":"<p class=\"qtranxs-available-languages-message qtranxs-available-languages-message-en\">Sorry, this entry is only available in <a href=\"https:\/\/www.duerp.com\/fr\/wp-json\/wp\/v2\/posts\/2958\" class=\"qtranxs-available-language-link qtranxs-available-language-link-fr\" title=\"Fran\u00e7ais\">French<\/a>. For the sake of viewer convenience, the content is shown below in the alternative language. You may click the link to switch the active language.<\/p><p>&nbsp;<\/p>\n<p>????\u00a0Le\u00a0bin\u00f4me <a href=\"https:\/\/www.linkedin.com\/company\/alea-prevention?trk=public_post-embed_share-update_update-text\" target=\"_blank\" rel=\"nofollow noopener\" data-tracking-control-name=\"public_post-embed_share-update_update-text\" data-tracking-will-navigate=\"\">ALEA Prevention<\/a>\u00a0et <a href=\"https:\/\/www.linkedin.com\/company\/manpower-france?trk=public_post-embed_share-update_update-text\" target=\"_blank\" rel=\"nofollow noopener\" data-tracking-control-name=\"public_post-embed_share-update_update-text\" data-tracking-will-navigate=\"\">Manpower France<\/a> est candidat aux troph\u00e9es <a href=\"https:\/\/www.linkedin.com\/login?session_redirect=https%3A%2F%2Fwww%2Elinkedin%2Ecom%2Ffeed%2Fhashtag%2Fworknight&amp;trk=public_post-embed_share-update_update-text\" target=\"_blank\" rel=\"nofollow noopener\" data-tracking-control-name=\"public_post-embed_share-update_update-text\" data-tracking-will-navigate=\"\">#Worknight<\/a>\u00a0de la cat\u00e9gorie Services aux occupants et <a href=\"https:\/\/www.linkedin.com\/login?session_redirect=https%3A%2F%2Fwww%2Elinkedin%2Ecom%2Ffeed%2Fhashtag%2Fqvt&amp;trk=public_post-embed_share-update_update-text\" target=\"_blank\" rel=\"nofollow noopener\" data-tracking-control-name=\"public_post-embed_share-update_update-text\" data-tracking-will-navigate=\"\">#QVT<\/a> ! ????<\/p>\n<p>Nous sommes fiers de candidater avec le projet <a href=\"https:\/\/www.linkedin.com\/login?session_redirect=https%3A%2F%2Fwww%2Elinkedin%2Ecom%2Ffeed%2Fhashtag%2Fpractiss&amp;trk=public_post-embed_share-update_update-text\" target=\"_blank\" rel=\"nofollow noopener\" data-tracking-control-name=\"public_post-embed_share-update_update-text\" data-tracking-will-navigate=\"\">#PRACTISS<\/a> de Manpower qui nous tient \u00e0 c\u0153ur car il repose \u00e0 100% sur notre plateforme Cloud <a href=\"https:\/\/www.linkedin.com\/login?session_redirect=https%3A%2F%2Fwww%2Elinkedin%2Ecom%2Ffeed%2Fhashtag%2Fduerp&amp;trk=public_post-embed_share-update_update-text\" target=\"_blank\" rel=\"nofollow noopener\" data-tracking-control-name=\"public_post-embed_share-update_update-text\" data-tracking-will-navigate=\"\">#DUERP<\/a>.<\/p>\n<p>&nbsp;<\/p>\n<p>???? PRACTISS, la pr\u00e9vention s\u00e9curit\u00e9 2.0 au service de la Qualit\u00e9 de Vie au Travail : Une solution innovante qui repose sur 4 des modules logiciels de notre plateforme DUERP :<\/p>\n<ol>\n<li>Questionnaire QVT<\/li>\n<li>Document unique (DUERP)<\/li>\n<li>Compte-rendu visites CSE\/CSSCT<\/li>\n<li>Base nationale des coordonn\u00e9es des si\u00e8ges et centres de consultation des Services de Sant\u00e9 au Travail Interentreprises (<a href=\"https:\/\/www.linkedin.com\/login?session_redirect=https%3A%2F%2Fwww%2Elinkedin%2Ecom%2Ffeed%2Fhashtag%2Fssti&amp;trk=public_post-embed_share-update_update-text\" target=\"_blank\" rel=\"nofollow noopener\" data-tracking-control-name=\"public_post-embed_share-update_update-text\" data-tracking-will-navigate=\"\">#SSTI<\/a>)<\/li>\n<\/ol>\n<p>&nbsp;<\/p>\n<p>???? Le projet PRACTISS permet :<\/p>\n<p>\u2705 d\u2019am\u00e9liorer la pr\u00e9vention primaire au sein de Manpower<\/p>\n<p>\u2705 d\u2019aider les agences \u00e0 se conformer simplement et rapidement \u00e0 leurs obligations l\u00e9gales en Sant\u00e9 et S\u00e9curit\u00e9 au Travail<\/p>\n<p>\u2705 de responsabiliser les managers de ces 700 agences fran\u00e7aises<\/p>\n<p>\u2705 et in fine de faire de la pr\u00e9vention des risques professionnels un vrai levier de performance !<\/p>\n<p>&nbsp;<\/p>\n<p>???? Vous avez jusqu\u2019au 21 mars pour voter\u00a0! Soutenez notre projet commun pour lui permettre de remporter le Prix du public, en votant pour le num\u00e9ro 62 : <a href=\"https:\/\/bit.ly\/3p77Ni3?trk=public_post-embed_share-update_update-text\" target=\"_blank\" rel=\"nofollow noopener\" data-tracking-control-name=\"public_post-embed_share-update_update-text\" data-tracking-will-navigate=\"\">https:\/\/bit.ly\/3p77Ni3<\/a><\/p>\n<p>???? Rendez-vous le 21 mars au Th\u00e9\u00e2tre de la Madeleine \u00e0 <a href=\"https:\/\/www.linkedin.com\/login?session_redirect=https%3A%2F%2Fwww%2Elinkedin%2Ecom%2Ffeed%2Fhashtag%2Fparis&amp;trk=public_post-embed_share-update_update-text\" target=\"_blank\" rel=\"nofollow noopener\" data-tracking-control-name=\"public_post-embed_share-update_update-text\" data-tracking-will-navigate=\"\">#Paris<\/a> pour d\u00e9couvrir le verdict final du jury et du public.<\/p>\n<p>????\ufe0f Inscription \u00e0 l\u2019\u00e9v\u00e9nement\u00a0: <a href=\"https:\/\/bit.ly\/3I848rA?trk=public_post-embed_share-update_update-text\" target=\"_blank\" rel=\"nofollow noopener\" data-tracking-control-name=\"public_post-embed_share-update_update-text\" data-tracking-will-navigate=\"\">https:\/\/bit.ly\/3I848rA<\/a><\/p>","protected":false},"excerpt":{"rendered":"<p>Sorry, this entry is only available in French. For the sake of viewer convenience, the content is shown below in the alternative language. You may click the link to switch the active language.&nbsp; ????\u00a0Le\u00a0bin\u00f4me ALEA Prevention\u00a0et Manpower France est candidat aux troph\u00e9es #Worknight\u00a0de la cat\u00e9gorie Services aux occupants et #QVT ! ???? Nous sommes fiers&hellip;<\/p>\n","protected":false},"author":1,"featured_media":2971,"comment_status":"closed","ping_status":"open","sticky":false,"template":"","format":"standard","meta":[],"categories":[16],"tags":[],"_links":{"self":[{"href":"https:\/\/www.duerp.com\/en\/wp-json\/wp\/v2\/posts\/2958"}],"collection":[{"href":"https:\/\/www.duerp.com\/en\/wp-json\/wp\/v2\/posts"}],"about":[{"href":"https:\/\/www.duerp.com\/en\/wp-json\/wp\/v2\/types\/post"}],"author":[{"embeddable":true,"href":"https:\/\/www.duerp.com\/en\/wp-json\/wp\/v2\/users\/1"}],"replies":[{"embeddable":true,"href":"https:\/\/www.duerp.com\/en\/wp-json\/wp\/v2\/comments?post=2958"}],"version-history":[{"count":19,"href":"https:\/\/www.duerp.com\/en\/wp-json\/wp\/v2\/posts\/2958\/revisions"}],"predecessor-version":[{"id":2999,"href":"https:\/\/www.duerp.com\/en\/wp-json\/wp\/v2\/posts\/2958\/revisions\/2999"}],"wp:featuredmedia":[{"embeddable":true,"href":"https:\/\/www.duerp.com\/en\/wp-json\/wp\/v2\/media\/2971"}],"wp:attachment":[{"href":"https:\/\/www.duerp.com\/en\/wp-json\/wp\/v2\/media?parent=2958"}],"wp:term":[{"taxonomy":"category","embeddable":true,"href":"https:\/\/www.duerp.com\/en\/wp-json\/wp\/v2\/categories?post=2958"},{"taxonomy":"post_tag","embeddable":true,"href":"https:\/\/www.duerp.com\/en\/wp-json\/wp\/v2\/tags?post=2958"}],"curies":[{"name":"wp","href":"https:\/\/api.w.org\/{rel}","templated":true}]}}